{"id":2492,"date":"2019-11-21T10:48:50","date_gmt":"2019-11-21T09:48:50","guid":{"rendered":"https:\/\/larcaveterinaria.com\/?p=2492"},"modified":"2020-05-14T12:57:18","modified_gmt":"2020-05-14T10:57:18","slug":"us-responsable-dels-antibiotics","status":"publish","type":"post","link":"https:\/\/larcaveterinaria.com\/ca\/us-responsable-dels-antibiotics\/","title":{"rendered":"L&#8217;\u00fas responsable dels antibi\u00f2tics"},"content":{"rendered":"<p>Cada mes de novembre, des de l&#8217;any 2015, se celebra la <strong>Setmana Mundial de Conscienciaci\u00f3 sobre l&#8217;\u00das dels Antibi\u00f2tics<\/strong> amb l&#8217;objectiu de sensibilitzar a la societat i fomentar millors pr\u00e0ctiques per a evitar la resist\u00e8ncia als antibi\u00f2tics, causada per un \u00fas constant i indegut.<\/p>\n<p>&nbsp;<\/p>\n<h3>La resist\u00e8ncia als antibi\u00f2tics<\/h3>\n<p>La <strong>resist\u00e8ncia antimicrobiana<\/strong> consisteix en la capacitat dels bacteris, virus o par\u00e0sits per a combatre l&#8217;acci\u00f3 del medicament que els frenava. Aix\u00ed, els bacteris s&#8217;han tornat resistents a conseq\u00fc\u00e8ncia de <strong>l&#8217;\u00fas inadequat o incorrecte<\/strong> dels antibi\u00f2tics.<\/p>\n<p>Les <strong>causes<\/strong> de la resist\u00e8ncia als antibi\u00f2tics s\u00f3n m\u00faltiples. Accions <strong>com el consum sense recepta<\/strong>, la <strong>utilitzaci\u00f3 d&#8217;antibi\u00f2tics sobrants per a tractar infeccions v\u00edriques<\/strong> com grips o refredats, o <strong>l&#8217;\u00fas excessiu en ramaderia<\/strong> al llarg dels anys, <strong>han provocat que alguns bacteris desenvolupin resist\u00e8ncies a molts antibi\u00f2tics.<\/strong><\/p>\n<p>&nbsp;<\/p>\n<h3>Amena\u00e7a actual<\/h3>\n<p>Actualment, aquesta aparici\u00f3 de bacteris resistents als antibi\u00f2tics constitueix una <strong>amena\u00e7a per a la salut p\u00fablica<\/strong>. Segons la campanya <a href=\"https:\/\/www.aemps.gob.es\/informa\/campannas\/campana-antibioticos\/home.htm\" target=\"_blank\" rel=\"noopener noreferrer\">&#8216;Antibi\u00f2tics: Pren-te&#8217;ls de deb\u00f2&#8217;<\/a>, del Ministeri de Sanitat, Consum i Benestar Social del Govern d&#8217;Espanya, els bacteris multiresistents <strong>causen 33.000 morts a l&#8217;any<\/strong> solament a <strong>Europa<\/strong>, i aproximadament <strong>3.000 persones moren anualment a Espanya<\/strong> per aquest motiu. A m\u00e9s, aquest problema genera uns <strong>1.500 milions d&#8217;euros de despesa sanit\u00e0ria addicional a la Uni\u00f3 Europea.<\/strong><\/p>\n<p>Els experts en patologies infeccioses alerten que, si no s&#8217;adopten estrat\u00e8gies mundials per a frenar la proliferaci\u00f3 de bacteris resistents, <strong>l&#8217;any 2050 les infeccions bacterianes mataran a 10 milions de persones<\/strong> (\u00e9s a dir, m\u00e9s que el c\u00e0ncer).<\/p>\n<p>Si continuem amb el ritme actual de consum d&#8217;antibi\u00f2tics, podr\u00edem sofrir una reculada cap a l&#8217;era anterior als antibi\u00f2tics, quan una infecci\u00f3 bacteriana corrent podia suposar la mort.<\/p>\n<p><strong>Tots som responsables del problema i tots podem contribuir a la soluci\u00f3.<\/strong><\/p>\n<p>&nbsp;<\/p>\n<h3>\u00das responsable d&#8217;antibi\u00f2tics en animals<\/h3>\n<p>En el cas dels <strong>animals<\/strong>, passa exactament el mateix. Els antibi\u00f2tics juguen un <strong>paper molt important<\/strong> per a protegir la seva salut i benestar, tant per als de companyia com de producci\u00f3.<\/p>\n<p>Els nostres peluts tamb\u00e9 poden posar-se malalts, sense importar si els cuidem b\u00e9 i, per tant, podrien necessitar tractament amb antibi\u00f2tics. \u00c9s essencial fomentar l&#8217;\u00fas <strong>correcte i responsable<\/strong>, ja que els veterinaris necessitem aquests recursos <strong>per a poder tractar als nostres animals de companyia quan emmalalteixin.<br \/>\n<\/strong><\/p>\n<p>&nbsp;<\/p>\n<h3>Qu\u00e8 pots fer tu?<\/h3>\n<ol>\n<li><strong>Utilitza antibi\u00f2tics nom\u00e9s quan te&#8217;ls prescrigui el teu veterinari<\/strong>.<br \/>\n2. <strong>Segueix la pauta marcada<\/strong>. Acaba el tractament, encara que vegis que la teva mascota millora.<br \/>\n3. <strong>No facis servir els antibi\u00f2tics sobrants<\/strong> sense consultar abans amb el teu veterinari.<br \/>\n4. <strong>No recomanis ni comparteixis antibi\u00f2tics<\/strong>. Els antibi\u00f2tics no serveixen per a tractar qualsevol malaltia, nom\u00e9s curen les d&#8217;origen bacteri\u00e0.<br \/>\n5. <strong>Desf\u00e9s-te d&#8217;ells adequadament<\/strong>. Porta els antibi\u00f2tics sobrants al <strong>punt SIGRE\u00a0<\/strong>de la teva farm\u00e0cia m\u00e9s pr\u00f2xima. <strong>Mai els tiris a les escombraries, WC o desgu\u00e0s.<\/strong><\/li>\n<\/ol>\n","protected":false},"excerpt":{"rendered":"<p>Cada mes de novembre, des de l&#8217;any 2015, se celebra la Setmana Mundial de Conscienciaci\u00f3 sobre l&#8217;\u00das dels Antibi\u00f2tics amb l&#8217;objectiu de sensibilitzar a la societat i fomentar millors pr\u00e0ctiques per a evitar la resist\u00e8ncia als antibi\u00f2tics, causada per un \u00fas constant i indegut. &nbsp; La resist\u00e8ncia als antibi\u00f2tics La resist\u00e8ncia antimicrobiana consisteix en la&hellip;<\/p>\n","protected":false},"author":2,"featured_media":2490,"comment_status":"open","ping_status":"closed","sticky":false,"template":"","format":"standard","meta":{"_monsterinsights_skip_tracking":false,"_monsterinsights_sitenote_active":false,"_monsterinsights_sitenote_note":"","_monsterinsights_sitenote_category":0},"categories":[30,8,31],"tags":[],"yoast_head":"<!-- This site is optimized with the Yoast SEO plugin v16.7 - https:\/\/yoast.com\/wordpress\/plugins\/seo\/ -->\n<title>L&#039;\u00fas responsable dels antibi\u00f2tics - L&#039;Arca Cl\u00ednica Veterin\u00e0ria Lleida<\/title>\n<meta name=\"description\" content=\"Cada mes de novembre, des de l&#039;any 2015, se celebra la Setmana Mundial de Conscienciaci\u00f3 sobre l&#039;\u00das Responsable dels Antibi\u00f2tics.\" \/>\n<meta name=\"robots\" content=\"index, follow, max-snippet:-1, max-image-preview:large, max-video-preview:-1\" \/>\n<link rel=\"canonical\" href=\"https:\/\/larcaveterinaria.com\/ca\/us-responsable-dels-antibiotics\/\" \/>\n<meta property=\"og:locale\" content=\"ca_ES\" \/>\n<meta property=\"og:type\" content=\"article\" \/>\n<meta property=\"og:title\" content=\"L&#039;\u00fas responsable dels antibi\u00f2tics - L&#039;Arca Cl\u00ednica Veterin\u00e0ria Lleida\" \/>\n<meta property=\"og:description\" content=\"Cada mes de novembre, des de l&#039;any 2015, se celebra la Setmana Mundial de Conscienciaci\u00f3 sobre l&#039;\u00das Responsable dels Antibi\u00f2tics.\" \/>\n<meta property=\"og:url\" content=\"https:\/\/larcaveterinaria.com\/ca\/us-responsable-dels-antibiotics\/\" \/>\n<meta property=\"og:site_name\" content=\"L&#039;Arca Cl\u00ednica Veterin\u00e0ria Lleida\" \/>\n<meta property=\"article:published_time\" content=\"2019-11-21T09:48:50+00:00\" \/>\n<meta property=\"article:modified_time\" content=\"2020-05-14T10:57:18+00:00\" \/>\n<meta property=\"og:image\" content=\"https:\/\/larcaveterinaria.com\/wp-content\/uploads\/2019\/11\/30_21_NOVEMBRE_2019.png\" \/>\n\t<meta property=\"og:image:width\" content=\"1200\" \/>\n\t<meta property=\"og:image:height\" content=\"1000\" \/>\n<meta name=\"twitter:card\" content=\"summary_large_image\" \/>\n<meta name=\"twitter:label1\" content=\"Escrit per\" \/>\n\t<meta name=\"twitter:data1\" content=\"larcaveterinaria\" \/>\n\t<meta name=\"twitter:label2\" content=\"Temps estimat de lectura\" \/>\n\t<meta name=\"twitter:data2\" content=\"3 minuts\" \/>\n<script type=\"application\/ld+json\" class=\"yoast-schema-graph\">{\"@context\":\"https:\/\/schema.org\",\"@graph\":[{\"@type\":\"WebSite\",\"@id\":\"https:\/\/larcaveterinaria.com\/#website\",\"url\":\"https:\/\/larcaveterinaria.com\/\",\"name\":\"L&#039;Arca Cl\\u00ednica Veterin\\u00e0ria Lleida\",\"description\":\"Just another WordPress site\",\"potentialAction\":[{\"@type\":\"SearchAction\",\"target\":{\"@type\":\"EntryPoint\",\"urlTemplate\":\"https:\/\/larcaveterinaria.com\/?s={search_term_string}\"},\"query-input\":\"required name=search_term_string\"}],\"inLanguage\":\"ca\"},{\"@type\":\"ImageObject\",\"@id\":\"https:\/\/larcaveterinaria.com\/ca\/us-responsable-dels-antibiotics\/#primaryimage\",\"inLanguage\":\"ca\",\"url\":\"https:\/\/larcaveterinaria.com\/wp-content\/uploads\/2019\/11\/30_21_NOVEMBRE_2019.png\",\"contentUrl\":\"https:\/\/larcaveterinaria.com\/wp-content\/uploads\/2019\/11\/30_21_NOVEMBRE_2019.png\",\"width\":1200,\"height\":1000},{\"@type\":\"WebPage\",\"@id\":\"https:\/\/larcaveterinaria.com\/ca\/us-responsable-dels-antibiotics\/#webpage\",\"url\":\"https:\/\/larcaveterinaria.com\/ca\/us-responsable-dels-antibiotics\/\",\"name\":\"L'\\u00fas responsable dels antibi\\u00f2tics - L&#039;Arca Cl\\u00ednica Veterin\\u00e0ria Lleida\",\"isPartOf\":{\"@id\":\"https:\/\/larcaveterinaria.com\/#website\"},\"primaryImageOfPage\":{\"@id\":\"https:\/\/larcaveterinaria.com\/ca\/us-responsable-dels-antibiotics\/#primaryimage\"},\"datePublished\":\"2019-11-21T09:48:50+00:00\",\"dateModified\":\"2020-05-14T10:57:18+00:00\",\"author\":{\"@id\":\"https:\/\/larcaveterinaria.com\/#\/schema\/person\/27a5dcae30583e166f365d8545972ade\"},\"description\":\"Cada mes de novembre, des de l'any 2015, se celebra la Setmana Mundial de Conscienciaci\\u00f3 sobre l'\\u00das Responsable dels Antibi\\u00f2tics.\",\"breadcrumb\":{\"@id\":\"https:\/\/larcaveterinaria.com\/ca\/us-responsable-dels-antibiotics\/#breadcrumb\"},\"inLanguage\":\"ca\",\"potentialAction\":[{\"@type\":\"ReadAction\",\"target\":[\"https:\/\/larcaveterinaria.com\/ca\/us-responsable-dels-antibiotics\/\"]}]},{\"@type\":\"BreadcrumbList\",\"@id\":\"https:\/\/larcaveterinaria.com\/ca\/us-responsable-dels-antibiotics\/#breadcrumb\",\"itemListElement\":[{\"@type\":\"ListItem\",\"position\":1,\"name\":\"Home\",\"item\":\"https:\/\/larcaveterinaria.com\/ca\/\"},{\"@type\":\"ListItem\",\"position\":2,\"name\":\"L&#8217;\\u00fas responsable dels antibi\\u00f2tics\"}]},{\"@type\":\"Person\",\"@id\":\"https:\/\/larcaveterinaria.com\/#\/schema\/person\/27a5dcae30583e166f365d8545972ade\",\"name\":\"larcaveterinaria\",\"image\":{\"@type\":\"ImageObject\",\"@id\":\"https:\/\/larcaveterinaria.com\/#personlogo\",\"inLanguage\":\"ca\",\"url\":\"https:\/\/secure.gravatar.com\/avatar\/27fb7e895d439b09bb2a74db0dba78f4?s=96&d=mm&r=g\",\"contentUrl\":\"https:\/\/secure.gravatar.com\/avatar\/27fb7e895d439b09bb2a74db0dba78f4?s=96&d=mm&r=g\",\"caption\":\"larcaveterinaria\"},\"url\":\"https:\/\/larcaveterinaria.com\/ca\/author\/larcaveterinaria\/\"}]}<\/script>\n<!-- \/ Yoast SEO plugin. -->","yoast_head_json":{"title":"L'\u00fas responsable dels antibi\u00f2tics - L&#039;Arca Cl\u00ednica Veterin\u00e0ria Lleida","description":"Cada mes de novembre, des de l'any 2015, se celebra la Setmana Mundial de Conscienciaci\u00f3 sobre l'\u00das Responsable dels Antibi\u00f2tics.","robots":{"index":"index","follow":"follow","max-snippet":"max-snippet:-1","max-image-preview":"max-image-preview:large","max-video-preview":"max-video-preview:-1"},"canonical":"https:\/\/larcaveterinaria.com\/ca\/us-responsable-dels-antibiotics\/","og_locale":"ca_ES","og_type":"article","og_title":"L'\u00fas responsable dels antibi\u00f2tics - L&#039;Arca Cl\u00ednica Veterin\u00e0ria Lleida","og_description":"Cada mes de novembre, des de l'any 2015, se celebra la Setmana Mundial de Conscienciaci\u00f3 sobre l'\u00das Responsable dels Antibi\u00f2tics.","og_url":"https:\/\/larcaveterinaria.com\/ca\/us-responsable-dels-antibiotics\/","og_site_name":"L&#039;Arca Cl\u00ednica Veterin\u00e0ria Lleida","article_published_time":"2019-11-21T09:48:50+00:00","article_modified_time":"2020-05-14T10:57:18+00:00","og_image":[{"width":1200,"height":1000,"url":"https:\/\/larcaveterinaria.com\/wp-content\/uploads\/2019\/11\/30_21_NOVEMBRE_2019.png","path":"\/var\/www\/vhosts\/larcaveterinaria.com\/httpdocs\/wp-content\/uploads\/2019\/11\/30_21_NOVEMBRE_2019.png","size":"full","id":2490,"alt":"","pixels":1200000,"type":"image\/png"}],"twitter_card":"summary_large_image","twitter_misc":{"Escrit per":"larcaveterinaria","Temps estimat de lectura":"3 minuts"},"schema":{"@context":"https:\/\/schema.org","@graph":[{"@type":"WebSite","@id":"https:\/\/larcaveterinaria.com\/#website","url":"https:\/\/larcaveterinaria.com\/","name":"L&#039;Arca Cl\u00ednica Veterin\u00e0ria Lleida","description":"Just another WordPress site","potentialAction":[{"@type":"SearchAction","target":{"@type":"EntryPoint","urlTemplate":"https:\/\/larcaveterinaria.com\/?s={search_term_string}"},"query-input":"required name=search_term_string"}],"inLanguage":"ca"},{"@type":"ImageObject","@id":"https:\/\/larcaveterinaria.com\/ca\/us-responsable-dels-antibiotics\/#primaryimage","inLanguage":"ca","url":"https:\/\/larcaveterinaria.com\/wp-content\/uploads\/2019\/11\/30_21_NOVEMBRE_2019.png","contentUrl":"https:\/\/larcaveterinaria.com\/wp-content\/uploads\/2019\/11\/30_21_NOVEMBRE_2019.png","width":1200,"height":1000},{"@type":"WebPage","@id":"https:\/\/larcaveterinaria.com\/ca\/us-responsable-dels-antibiotics\/#webpage","url":"https:\/\/larcaveterinaria.com\/ca\/us-responsable-dels-antibiotics\/","name":"L'\u00fas responsable dels antibi\u00f2tics - L&#039;Arca Cl\u00ednica Veterin\u00e0ria Lleida","isPartOf":{"@id":"https:\/\/larcaveterinaria.com\/#website"},"primaryImageOfPage":{"@id":"https:\/\/larcaveterinaria.com\/ca\/us-responsable-dels-antibiotics\/#primaryimage"},"datePublished":"2019-11-21T09:48:50+00:00","dateModified":"2020-05-14T10:57:18+00:00","author":{"@id":"https:\/\/larcaveterinaria.com\/#\/schema\/person\/27a5dcae30583e166f365d8545972ade"},"description":"Cada mes de novembre, des de l'any 2015, se celebra la Setmana Mundial de Conscienciaci\u00f3 sobre l'\u00das Responsable dels Antibi\u00f2tics.","breadcrumb":{"@id":"https:\/\/larcaveterinaria.com\/ca\/us-responsable-dels-antibiotics\/#breadcrumb"},"inLanguage":"ca","potentialAction":[{"@type":"ReadAction","target":["https:\/\/larcaveterinaria.com\/ca\/us-responsable-dels-antibiotics\/"]}]},{"@type":"BreadcrumbList","@id":"https:\/\/larcaveterinaria.com\/ca\/us-responsable-dels-antibiotics\/#breadcrumb","itemListElement":[{"@type":"ListItem","position":1,"name":"Home","item":"https:\/\/larcaveterinaria.com\/ca\/"},{"@type":"ListItem","position":2,"name":"L&#8217;\u00fas responsable dels antibi\u00f2tics"}]},{"@type":"Person","@id":"https:\/\/larcaveterinaria.com\/#\/schema\/person\/27a5dcae30583e166f365d8545972ade","name":"larcaveterinaria","image":{"@type":"ImageObject","@id":"https:\/\/larcaveterinaria.com\/#personlogo","inLanguage":"ca","url":"https:\/\/secure.gravatar.com\/avatar\/27fb7e895d439b09bb2a74db0dba78f4?s=96&d=mm&r=g","contentUrl":"https:\/\/secure.gravatar.com\/avatar\/27fb7e895d439b09bb2a74db0dba78f4?s=96&d=mm&r=g","caption":"larcaveterinaria"},"url":"https:\/\/larcaveterinaria.com\/ca\/author\/larcaveterinaria\/"}]}},"_links":{"self":[{"href":"https:\/\/larcaveterinaria.com\/ca\/wp-json\/wp\/v2\/posts\/2492"}],"collection":[{"href":"https:\/\/larcaveterinaria.com\/ca\/wp-json\/wp\/v2\/posts"}],"about":[{"href":"https:\/\/larcaveterinaria.com\/ca\/wp-json\/wp\/v2\/types\/post"}],"author":[{"embeddable":true,"href":"https:\/\/larcaveterinaria.com\/ca\/wp-json\/wp\/v2\/users\/2"}],"replies":[{"embeddable":true,"href":"https:\/\/larcaveterinaria.com\/ca\/wp-json\/wp\/v2\/comments?post=2492"}],"version-history":[{"count":3,"href":"https:\/\/larcaveterinaria.com\/ca\/wp-json\/wp\/v2\/posts\/2492\/revisions"}],"predecessor-version":[{"id":2495,"href":"https:\/\/larcaveterinaria.com\/ca\/wp-json\/wp\/v2\/posts\/2492\/revisions\/2495"}],"wp:featuredmedia":[{"embeddable":true,"href":"https:\/\/larcaveterinaria.com\/ca\/wp-json\/wp\/v2\/media\/2490"}],"wp:attachment":[{"href":"https:\/\/larcaveterinaria.com\/ca\/wp-json\/wp\/v2\/media?parent=2492"}],"wp:term":[{"taxonomy":"category","embeddable":true,"href":"https:\/\/larcaveterinaria.com\/ca\/wp-json\/wp\/v2\/categories?post=2492"},{"taxonomy":"post_tag","embeddable":true,"href":"https:\/\/larcaveterinaria.com\/ca\/wp-json\/wp\/v2\/tags?post=2492"}],"curies":[{"name":"wp","href":"https:\/\/api.w.org\/{rel}","templated":true}]}}