{"id":3752,"date":"2021-03-10T17:12:58","date_gmt":"2021-03-10T16:12:58","guid":{"rendered":"https:\/\/larcaveterinaria.com\/?p=3752"},"modified":"2021-04-30T10:00:45","modified_gmt":"2021-04-30T08:00:45","slug":"perill-processionaria-gos","status":"publish","type":"post","link":"https:\/\/larcaveterinaria.com\/ca\/perill-processionaria-gos\/","title":{"rendered":"Per qu\u00e8 la procession\u00e0ria \u00e9s un perill per al teu gos?"},"content":{"rendered":"<p>[vc_row][vc_column][vc_column_text]Amb l&#8217;arribada del bon temps, ens ve de gust m\u00e9s sortir amb els nostres gossos a gaudir de l&#8217;aire lliure.<\/p>\n<p>Per\u00f2, per a poder divertir-se sense perill en les sortides al camp, \u00e9s important que coneguis un dels problemes m\u00e9s freq\u00fcents de la primavera: la procession\u00e0ria del pi.<\/p>\n<p>&nbsp;<\/p>\n<h2>La procession\u00e0ria: qu\u00e8 has de saber?<\/h2>\n<p>L&#8217;eruga del pi, o <em>Thaumatopeapytocampa<\/em>, \u00e9s un lepid\u00f2pter. El terme procession\u00e0ria, el seu nom m\u00e9s com\u00fa, prov\u00e9 de la seva t\u00edpica manera de despla\u00e7ar-se.<\/p>\n<p>El seu cicle biol\u00f2gic fa que, a la primavera, amb <strong>la pujada de les temperatures, les erugues surtin dels seus nius<\/strong> i, guiades per una femella, surtin alineades a buscar un lloc en el qual enterrar-se i formar les cris\u00e0lides.<\/p>\n<blockquote><p><em>El per\u00edode m\u00e9s com\u00fa per a trobar-les en el camp \u00e9s <strong>des de febrer a maig<\/strong>, depenent de la zona geogr\u00e0fica en la qual ens trobem.<\/em><\/p><\/blockquote>\n<p>&nbsp;<\/p>\n<h2>Per qu\u00e8 el teu gos sent curiositat per l&#8217;eruga del pi?<\/h2>\n<p>Segurament, les has vist en m\u00e9s d&#8217;una ocasi\u00f3: una llarga filera d&#8217;erugues, de color cridaner, que travessen els camins i boscos.<\/p>\n<p>Doncs \u00e9s precisament aquesta <strong>alineaci\u00f3 i moviments<\/strong> de la procession\u00e0ria el que pot <strong>cridar l&#8217;atenci\u00f3 del teu gos<\/strong>, i fer que s&#8217;acosti per a ensumar-les o intentar jugar amb elles. Tamb\u00e9 pot trobar nius d&#8217;eruga que han caigut a terra i el teu gos podria intentar agafar-los.<\/p>\n<p>No obstant aix\u00f2, les <strong>conseq\u00fc\u00e8ncies<\/strong> d&#8217;aquest contacte amb les erugues o amb els seus nius poden ser <strong>molt perilloses.<\/strong><\/p>\n<p>&nbsp;<\/p>\n<h2>Per qu\u00e8 \u00e9s perillosa?<\/h2>\n<p>El <strong>contacte directe<\/strong> amb els p\u00e8ls de la procession\u00e0ria \u00e9s la <strong>principal amena\u00e7a<\/strong> contra els nostres peluts.<\/p>\n<p>Aquests p\u00e8ls contenen una subst\u00e0ncia t\u00f2xica anomenada taumetope\u00efna que, en contacte amb la pell o les mucoses, produeixen alliberament d&#8217;histamina, podent ocasionar lesions greus per inflamaci\u00f3 i necrosi de teixits.<\/p>\n<p>&nbsp;<\/p>\n<h2>Quins s\u00f3n els s\u00edmptomes?<\/h2>\n<p>Els gossos, generalment, s&#8217;acosten a la procession\u00e0ria amb les seves potes o la seva boca, de manera que els <strong>s\u00edmptomes<\/strong> que podries notar si ha estat exposat s\u00f3n:<\/p>\n<ul>\n<li><strong>Nerviosisme.<\/strong><\/li>\n<li><strong>Intents r\u00e0pids d&#8217;empassar-se la saliva.<\/strong><\/li>\n<li><strong>Tocar-se la cara o la boca amb les potes.<\/strong><\/li>\n<li><strong>Hipersalivaci\u00f3.<\/strong><\/li>\n<li><strong>Edema o inflamaci\u00f3 de la zona de contacte.<\/strong><\/li>\n<\/ul>\n<p>&nbsp;<\/p>\n<h2>Com has d&#8217;actuar en cas de contacte?<\/h2>\n<p>Si creus que el teu gos ha estat en contacte amb la procession\u00e0ria, hauries de <strong>rentar amb abundant s\u00e8rum fisiol\u00f2gic o, si no pot ser, amb aigua, la zona afectada.<\/strong><\/p>\n<blockquote><p><em>\u00c9s molt important que utilitzis guants per a evitar exposar-te a la subst\u00e0ncia t\u00f2xica a trav\u00e9s del teu gos. <strong>Mai freguis la zona afectada<\/strong>, ja que trencaries els p\u00e8ls de les erugues, donant lloc a un major alliberament de toxina i un empitjorament dels s\u00edmptomes.<\/em><\/p><\/blockquote>\n<p>\u00c9s <strong>fonamental que<\/strong> <strong>portis al teu gos al veterinari al m\u00e9s aviat possible<\/strong> si creus que ha pogut tocar o menjar-se una eruga del pi, ja que els <strong>efectes poden arribar a ser molt greus<\/strong>, depenent de la localitzaci\u00f3 i la intensitat del contacte amb l&#8217;eruga.<\/p>\n<p>&nbsp;<\/p>\n<h2>Qu\u00e8 pots fer per a evitar-la?<\/h2>\n<p>Per a prevenir problemes amb la procession\u00e0ria, l&#8217;ideal seria que <strong>evitessis passejar<\/strong> amb el teu gos <strong>per pinedes<\/strong> durant el per\u00edode de risc (de febrer a maig).<\/p>\n<p>Si tens pins en la teva propietat, hauries de <strong>realitzar tractaments de fumigaci\u00f3 preventius<\/strong> durant l&#8217;any. En cas que ja vegis bosses als nius, i s&#8217;acosti l&#8217;\u00e8poca de risc, pots <strong>instal\u00b7lar cons barrera<\/strong> per a evitar que l&#8217;eruga arribi al s\u00f2l quan surti.<\/p>\n<p>Aix\u00ed mateix, pots <strong>podar les branques m\u00e9s baixes<\/strong> o treure d&#8217;elles les bosses, sempre <strong>protegint-te els ulls i les mans<\/strong>, i anant amb compte que el niu no caigui a terra bruscament. Sobretot, evita fer aix\u00f2 \u00faltim els dies de vent, ja que podries dispersar p\u00e8ls urticants.<\/p>\n<p><strong>\u00a0<\/strong>[\/vc_column_text][\/vc_column][\/vc_row]<\/p>\n","protected":false},"excerpt":{"rendered":"<p>[vc_row][vc_column][vc_column_text]Amb l&#8217;arribada del bon temps, ens ve de gust m\u00e9s sortir amb els nostres gossos a gaudir de l&#8217;aire lliure. Per\u00f2, per a poder divertir-se sense perill en les sortides al camp, \u00e9s important que coneguis un dels problemes m\u00e9s freq\u00fcents de la primavera: la procession\u00e0ria del pi. &nbsp; La procession\u00e0ria: qu\u00e8 has de saber?&hellip;<\/p>\n","protected":false},"author":2,"featured_media":3754,"comment_status":"open","ping_status":"closed","sticky":false,"template":"","format":"standard","meta":{"_monsterinsights_skip_tracking":false,"_monsterinsights_sitenote_active":false,"_monsterinsights_sitenote_note":"","_monsterinsights_sitenote_category":0},"categories":[8,31],"tags":[],"yoast_head":"<!-- This site is optimized with the Yoast SEO plugin v16.7 - https:\/\/yoast.com\/wordpress\/plugins\/seo\/ -->\n<title>Per qu\u00e8 la procession\u00e0ria \u00e9s un perill per al teu gos? - L&#039;Arca Cl\u00ednica Veterin\u00e0ria Lleida<\/title>\n<meta name=\"description\" content=\"\u00c9s important que coneguis un dels problemes m\u00e9s freq\u00fcents de la primavera per al teu gos: la procession\u00e0ria del pi.\" \/>\n<meta name=\"robots\" content=\"index, follow, max-snippet:-1, max-image-preview:large, max-video-preview:-1\" \/>\n<link rel=\"canonical\" href=\"https:\/\/larcaveterinaria.com\/ca\/perill-processionaria-gos\/\" \/>\n<meta property=\"og:locale\" content=\"ca_ES\" \/>\n<meta property=\"og:type\" content=\"article\" \/>\n<meta property=\"og:title\" content=\"Per qu\u00e8 la procession\u00e0ria \u00e9s un perill per al teu gos? - L&#039;Arca Cl\u00ednica Veterin\u00e0ria Lleida\" \/>\n<meta property=\"og:description\" content=\"\u00c9s important que coneguis un dels problemes m\u00e9s freq\u00fcents de la primavera per al teu gos: la procession\u00e0ria del pi.\" \/>\n<meta property=\"og:url\" content=\"https:\/\/larcaveterinaria.com\/ca\/perill-processionaria-gos\/\" \/>\n<meta property=\"og:site_name\" content=\"L&#039;Arca Cl\u00ednica Veterin\u00e0ria Lleida\" \/>\n<meta property=\"article:published_time\" content=\"2021-03-10T16:12:58+00:00\" \/>\n<meta property=\"article:modified_time\" content=\"2021-04-30T08:00:45+00:00\" \/>\n<meta property=\"og:image\" content=\"https:\/\/larcaveterinaria.com\/wp-content\/uploads\/2021\/03\/52_10_MARC_2021.jpg\" \/>\n\t<meta property=\"og:image:width\" content=\"1200\" \/>\n\t<meta property=\"og:image:height\" content=\"1000\" \/>\n<meta name=\"twitter:card\" content=\"summary_large_image\" \/>\n<meta name=\"twitter:label1\" content=\"Escrit per\" \/>\n\t<meta name=\"twitter:data1\" content=\"larcaveterinaria\" \/>\n\t<meta name=\"twitter:label2\" content=\"Temps estimat de lectura\" \/>\n\t<meta name=\"twitter:data2\" content=\"3 minuts\" \/>\n<script type=\"application\/ld+json\" class=\"yoast-schema-graph\">{\"@context\":\"https:\/\/schema.org\",\"@graph\":[{\"@type\":\"WebSite\",\"@id\":\"https:\/\/larcaveterinaria.com\/#website\",\"url\":\"https:\/\/larcaveterinaria.com\/\",\"name\":\"L&#039;Arca Cl\\u00ednica Veterin\\u00e0ria Lleida\",\"description\":\"Just another WordPress site\",\"potentialAction\":[{\"@type\":\"SearchAction\",\"target\":{\"@type\":\"EntryPoint\",\"urlTemplate\":\"https:\/\/larcaveterinaria.com\/?s={search_term_string}\"},\"query-input\":\"required name=search_term_string\"}],\"inLanguage\":\"ca\"},{\"@type\":\"ImageObject\",\"@id\":\"https:\/\/larcaveterinaria.com\/ca\/perill-processionaria-gos\/#primaryimage\",\"inLanguage\":\"ca\",\"url\":\"https:\/\/larcaveterinaria.com\/wp-content\/uploads\/2021\/03\/52_10_MARC_2021.jpg\",\"contentUrl\":\"https:\/\/larcaveterinaria.com\/wp-content\/uploads\/2021\/03\/52_10_MARC_2021.jpg\",\"width\":1200,\"height\":1000,\"caption\":\"Portada_Peligro procesionaria para tu perro\"},{\"@type\":\"WebPage\",\"@id\":\"https:\/\/larcaveterinaria.com\/ca\/perill-processionaria-gos\/#webpage\",\"url\":\"https:\/\/larcaveterinaria.com\/ca\/perill-processionaria-gos\/\",\"name\":\"Per qu\\u00e8 la procession\\u00e0ria \\u00e9s un perill per al teu gos? - L&#039;Arca Cl\\u00ednica Veterin\\u00e0ria Lleida\",\"isPartOf\":{\"@id\":\"https:\/\/larcaveterinaria.com\/#website\"},\"primaryImageOfPage\":{\"@id\":\"https:\/\/larcaveterinaria.com\/ca\/perill-processionaria-gos\/#primaryimage\"},\"datePublished\":\"2021-03-10T16:12:58+00:00\",\"dateModified\":\"2021-04-30T08:00:45+00:00\",\"author\":{\"@id\":\"https:\/\/larcaveterinaria.com\/#\/schema\/person\/27a5dcae30583e166f365d8545972ade\"},\"description\":\"\\u00c9s important que coneguis un dels problemes m\\u00e9s freq\\u00fcents de la primavera per al teu gos: la procession\\u00e0ria del pi.\",\"breadcrumb\":{\"@id\":\"https:\/\/larcaveterinaria.com\/ca\/perill-processionaria-gos\/#breadcrumb\"},\"inLanguage\":\"ca\",\"potentialAction\":[{\"@type\":\"ReadAction\",\"target\":[\"https:\/\/larcaveterinaria.com\/ca\/perill-processionaria-gos\/\"]}]},{\"@type\":\"BreadcrumbList\",\"@id\":\"https:\/\/larcaveterinaria.com\/ca\/perill-processionaria-gos\/#breadcrumb\",\"itemListElement\":[{\"@type\":\"ListItem\",\"position\":1,\"name\":\"Home\",\"item\":\"https:\/\/larcaveterinaria.com\/ca\/\"},{\"@type\":\"ListItem\",\"position\":2,\"name\":\"Per qu\\u00e8 la procession\\u00e0ria \\u00e9s un perill per al teu gos?\"}]},{\"@type\":\"Person\",\"@id\":\"https:\/\/larcaveterinaria.com\/#\/schema\/person\/27a5dcae30583e166f365d8545972ade\",\"name\":\"larcaveterinaria\",\"image\":{\"@type\":\"ImageObject\",\"@id\":\"https:\/\/larcaveterinaria.com\/#personlogo\",\"inLanguage\":\"ca\",\"url\":\"https:\/\/secure.gravatar.com\/avatar\/27fb7e895d439b09bb2a74db0dba78f4?s=96&d=mm&r=g\",\"contentUrl\":\"https:\/\/secure.gravatar.com\/avatar\/27fb7e895d439b09bb2a74db0dba78f4?s=96&d=mm&r=g\",\"caption\":\"larcaveterinaria\"},\"url\":\"https:\/\/larcaveterinaria.com\/ca\/author\/larcaveterinaria\/\"}]}<\/script>\n<!-- \/ Yoast SEO plugin. -->","yoast_head_json":{"title":"Per qu\u00e8 la procession\u00e0ria \u00e9s un perill per al teu gos? - L&#039;Arca Cl\u00ednica Veterin\u00e0ria Lleida","description":"\u00c9s important que coneguis un dels problemes m\u00e9s freq\u00fcents de la primavera per al teu gos: la procession\u00e0ria del pi.","robots":{"index":"index","follow":"follow","max-snippet":"max-snippet:-1","max-image-preview":"max-image-preview:large","max-video-preview":"max-video-preview:-1"},"canonical":"https:\/\/larcaveterinaria.com\/ca\/perill-processionaria-gos\/","og_locale":"ca_ES","og_type":"article","og_title":"Per qu\u00e8 la procession\u00e0ria \u00e9s un perill per al teu gos? - L&#039;Arca Cl\u00ednica Veterin\u00e0ria Lleida","og_description":"\u00c9s important que coneguis un dels problemes m\u00e9s freq\u00fcents de la primavera per al teu gos: la procession\u00e0ria del pi.","og_url":"https:\/\/larcaveterinaria.com\/ca\/perill-processionaria-gos\/","og_site_name":"L&#039;Arca Cl\u00ednica Veterin\u00e0ria Lleida","article_published_time":"2021-03-10T16:12:58+00:00","article_modified_time":"2021-04-30T08:00:45+00:00","og_image":[{"width":1200,"height":1000,"url":"https:\/\/larcaveterinaria.com\/wp-content\/uploads\/2021\/03\/52_10_MARC_2021.jpg","path":"\/var\/www\/vhosts\/larcaveterinaria.com\/httpdocs\/wp-content\/uploads\/2021\/03\/52_10_MARC_2021.jpg","size":"full","id":3754,"alt":"Portada_Peligro procesionaria para tu perro","pixels":1200000,"type":"image\/jpeg"}],"twitter_card":"summary_large_image","twitter_misc":{"Escrit per":"larcaveterinaria","Temps estimat de lectura":"3 minuts"},"schema":{"@context":"https:\/\/schema.org","@graph":[{"@type":"WebSite","@id":"https:\/\/larcaveterinaria.com\/#website","url":"https:\/\/larcaveterinaria.com\/","name":"L&#039;Arca Cl\u00ednica Veterin\u00e0ria Lleida","description":"Just another WordPress site","potentialAction":[{"@type":"SearchAction","target":{"@type":"EntryPoint","urlTemplate":"https:\/\/larcaveterinaria.com\/?s={search_term_string}"},"query-input":"required name=search_term_string"}],"inLanguage":"ca"},{"@type":"ImageObject","@id":"https:\/\/larcaveterinaria.com\/ca\/perill-processionaria-gos\/#primaryimage","inLanguage":"ca","url":"https:\/\/larcaveterinaria.com\/wp-content\/uploads\/2021\/03\/52_10_MARC_2021.jpg","contentUrl":"https:\/\/larcaveterinaria.com\/wp-content\/uploads\/2021\/03\/52_10_MARC_2021.jpg","width":1200,"height":1000,"caption":"Portada_Peligro procesionaria para tu perro"},{"@type":"WebPage","@id":"https:\/\/larcaveterinaria.com\/ca\/perill-processionaria-gos\/#webpage","url":"https:\/\/larcaveterinaria.com\/ca\/perill-processionaria-gos\/","name":"Per qu\u00e8 la procession\u00e0ria \u00e9s un perill per al teu gos? - L&#039;Arca Cl\u00ednica Veterin\u00e0ria Lleida","isPartOf":{"@id":"https:\/\/larcaveterinaria.com\/#website"},"primaryImageOfPage":{"@id":"https:\/\/larcaveterinaria.com\/ca\/perill-processionaria-gos\/#primaryimage"},"datePublished":"2021-03-10T16:12:58+00:00","dateModified":"2021-04-30T08:00:45+00:00","author":{"@id":"https:\/\/larcaveterinaria.com\/#\/schema\/person\/27a5dcae30583e166f365d8545972ade"},"description":"\u00c9s important que coneguis un dels problemes m\u00e9s freq\u00fcents de la primavera per al teu gos: la procession\u00e0ria del pi.","breadcrumb":{"@id":"https:\/\/larcaveterinaria.com\/ca\/perill-processionaria-gos\/#breadcrumb"},"inLanguage":"ca","potentialAction":[{"@type":"ReadAction","target":["https:\/\/larcaveterinaria.com\/ca\/perill-processionaria-gos\/"]}]},{"@type":"BreadcrumbList","@id":"https:\/\/larcaveterinaria.com\/ca\/perill-processionaria-gos\/#breadcrumb","itemListElement":[{"@type":"ListItem","position":1,"name":"Home","item":"https:\/\/larcaveterinaria.com\/ca\/"},{"@type":"ListItem","position":2,"name":"Per qu\u00e8 la procession\u00e0ria \u00e9s un perill per al teu gos?"}]},{"@type":"Person","@id":"https:\/\/larcaveterinaria.com\/#\/schema\/person\/27a5dcae30583e166f365d8545972ade","name":"larcaveterinaria","image":{"@type":"ImageObject","@id":"https:\/\/larcaveterinaria.com\/#personlogo","inLanguage":"ca","url":"https:\/\/secure.gravatar.com\/avatar\/27fb7e895d439b09bb2a74db0dba78f4?s=96&d=mm&r=g","contentUrl":"https:\/\/secure.gravatar.com\/avatar\/27fb7e895d439b09bb2a74db0dba78f4?s=96&d=mm&r=g","caption":"larcaveterinaria"},"url":"https:\/\/larcaveterinaria.com\/ca\/author\/larcaveterinaria\/"}]}},"_links":{"self":[{"href":"https:\/\/larcaveterinaria.com\/ca\/wp-json\/wp\/v2\/posts\/3752"}],"collection":[{"href":"https:\/\/larcaveterinaria.com\/ca\/wp-json\/wp\/v2\/posts"}],"about":[{"href":"https:\/\/larcaveterinaria.com\/ca\/wp-json\/wp\/v2\/types\/post"}],"author":[{"embeddable":true,"href":"https:\/\/larcaveterinaria.com\/ca\/wp-json\/wp\/v2\/users\/2"}],"replies":[{"embeddable":true,"href":"https:\/\/larcaveterinaria.com\/ca\/wp-json\/wp\/v2\/comments?post=3752"}],"version-history":[{"count":2,"href":"https:\/\/larcaveterinaria.com\/ca\/wp-json\/wp\/v2\/posts\/3752\/revisions"}],"predecessor-version":[{"id":3756,"href":"https:\/\/larcaveterinaria.com\/ca\/wp-json\/wp\/v2\/posts\/3752\/revisions\/3756"}],"wp:featuredmedia":[{"embeddable":true,"href":"https:\/\/larcaveterinaria.com\/ca\/wp-json\/wp\/v2\/media\/3754"}],"wp:attachment":[{"href":"https:\/\/larcaveterinaria.com\/ca\/wp-json\/wp\/v2\/media?parent=3752"}],"wp:term":[{"taxonomy":"category","embeddable":true,"href":"https:\/\/larcaveterinaria.com\/ca\/wp-json\/wp\/v2\/categories?post=3752"},{"taxonomy":"post_tag","embeddable":true,"href":"https:\/\/larcaveterinaria.com\/ca\/wp-json\/wp\/v2\/tags?post=3752"}],"curies":[{"name":"wp","href":"https:\/\/api.w.org\/{rel}","templated":true}]}}